{"id":57,"date":"2013-06-04T19:00:08","date_gmt":"2013-06-04T19:00:08","guid":{"rendered":"http:\/\/blogs.lasprovincias.es\/togadoyhundido\/?p=57"},"modified":"2013-06-04T19:00:08","modified_gmt":"2013-06-04T19:00:08","slug":"la-fiscalia-se-la-juega-con-el-conejo","status":"publish","type":"post","link":"https:\/\/blogs.lasprovincias.es\/togadoyhundido\/2013\/06\/04\/la-fiscalia-se-la-juega-con-el-conejo\/","title":{"rendered":"La Fiscal\u00eda se la juega con Blasco"},"content":{"rendered":"<p>Hasta la fecha, los juicios celebrados en el TSJ han terminado con victoria del Partido Popular frente a la Fiscal\u00eda Anticorrupci\u00f3n. De los tres diputados de Valencia\u00a0que se han sentado en la etapa m\u00e1s reciente en el banquillo, los tres solventaron el tr\u00e1mite airosos.\u00a0En este marcador inicial, abierto en la etapa de mayor corrupci\u00f3n que se recuerda en esta Comunitat, queda fuera el alcalde de Torrevieja. Este s\u00ed fue condenado a tres a\u00f1os, pero no tiene el pedigr\u00ed de los siguientes protagonistas.<\/p>\n<p>El primer gol al Ministerio P\u00fablico lleg\u00f3 de la mano del concejal <strong>Jorge Bellver<\/strong>, hoy portavoz del PP en <strong>Les Corts<\/strong>.\u00a0El que postulaban como sucesor de Barber\u00e1 sali\u00f3 absuelto de la prevaricaci\u00f3n de la que le acusaba la Fiscal\u00eda. Y adem\u00e1s, el juez Flors, instructor de la causa de los trajes y ponente de la sentencia en el caso de los Jardines de Monforte, le mand\u00f3 un dardito de regalo al fiscal. As\u00ed, como\u00a0quien no quiere la cosa, para resolver la petici\u00f3n de las partes de que se condenara en costas a la acusaci\u00f3n p\u00fablica -algo que no permite la ley-desliz\u00f3 el siguiente p\u00e1rrafo:\u00a0 &#8220;La ley no contempla que, en caso de absoluci\u00f3n del acusado, pudieran imponerse las costas a la acusaci\u00f3n p\u00fablica, puesto que el legislador no ha podido representarse como posible que, atendidos los principios que deben regir la actuaci\u00f3n del Ministerio Fiscal, \u00e9ste pudiera actuar temerariamente&#8221;.\u00a0 \u00bfNecesario eso de &#8216;no ha podido representarse como posible&#8217;? No hizo ninguna gracia en la Fiscal\u00eda.<\/p>\n<div id=\"attachment_83\" style=\"width: 310px\" class=\"wp-caption alignleft\"><a href=\"\/togadoyhundido\/wp-content\/uploads\/sites\/20\/2013\/05\/bellver.jpg\"><img aria-describedby=\"caption-attachment-83\" loading=\"lazy\" class=\"size-medium wp-image-83\" title=\"DOCU_LP DOCU_LP ENTREVISTA CON JORGE BELLVER, PORTAVOZ DEL PP EN LES CORTS\" src=\"\/togadoyhundido\/wp-content\/uploads\/sites\/20\/2013\/05\/bellver.jpg\" alt=\"\" width=\"300\" height=\"193\" srcset=\"https:\/\/static-blogs.lasprovincias.es\/wp-content\/uploads\/sites\/20\/2013\/05\/bellver.jpg 3700w, https:\/\/static-blogs.lasprovincias.es\/wp-content\/uploads\/sites\/20\/2013\/05\/bellver-300x194.jpg 300w, https:\/\/static-blogs.lasprovincias.es\/wp-content\/uploads\/sites\/20\/2013\/05\/bellver-768x496.jpg 768w, https:\/\/static-blogs.lasprovincias.es\/wp-content\/uploads\/sites\/20\/2013\/05\/bellver-1024x662.jpg 1024w\" sizes=\"(max-width: 300px) 100vw, 300px\" \/><\/a><p id=\"caption-attachment-83\" class=\"wp-caption-text\">Jorge Bellver<\/p><\/div>\n<p>&nbsp;<\/p>\n<p>&nbsp;<\/p>\n<p>&nbsp;<\/p>\n<p>&nbsp;<\/p>\n<p>&nbsp;<\/p>\n<p>&nbsp;<\/p>\n<p>&nbsp;<\/p>\n<p>&nbsp;<\/p>\n<p>El partido grande, de esos que llaman del siglo -aqu\u00ed no es como en el f\u00fatbol donde todos los a\u00f1os se producen varios- lleg\u00f3 con la causa de los trajes. El expresidente de la Generalitat Francisco Camps\u00a0y el exsecretario del PP Ricardo Costa,\u00a0acusados de cohecho pasivo por aceptar\u00a0regalos de <strong>El\u00a0Bigotes<\/strong>, ahora rebautizado como <strong>El Barbas<\/strong>. En cualquier caso, con m\u00e1s o menos\u00a0pelo en el rostro, al parecer,\u00a0sigue teniendo\u00a0la misma jeta.\u00a0\u00a0En aquel caso,\u00a0tres fiscales, dos de Madrid y el delegado Anticorrupci\u00f3n de Valencia, no lograron que el jurado declarara probados los hechos que sosten\u00edan. Teor\u00edas conspiratorias al margen acerca del veredicto -hay varias y alguna es realmente graciosa- tambi\u00e9n se hizo cierta autocr\u00edtica. Tal y como se lleg\u00f3 a reconocer despu\u00e9s, la acusaci\u00f3n se orient\u00f3 en exceso hacia la documental. Qui\u00e9n sabe si desde otro enfoque hubiera variado el resultado. Quiz\u00e1 tampoco. La sorpresa de la decisi\u00f3n del jurado, no obstante, fue may\u00fascula. Alg\u00fan peso pesado llam\u00f3 desde Madrid minutos despu\u00e9s de la decisi\u00f3n para averiguar c\u00f3mo hab\u00eda sucedido aquello.<\/p>\n<div id=\"attachment_82\" style=\"width: 310px\" class=\"wp-caption alignleft\"><a href=\"\/togadoyhundido\/wp-content\/uploads\/sites\/20\/2013\/05\/camps-y-costa.jpg\"><img aria-describedby=\"caption-attachment-82\" loading=\"lazy\" class=\"size-medium wp-image-82\" title=\"DOCU_LP EL JURADO DECLARA NO CULPABLES A FRANCISCO CAMPS Y A RICARDO COSTA\" src=\"\/togadoyhundido\/wp-content\/uploads\/sites\/20\/2013\/05\/camps-y-costa.jpg\" alt=\"\" width=\"300\" height=\"197\" srcset=\"https:\/\/static-blogs.lasprovincias.es\/wp-content\/uploads\/sites\/20\/2013\/05\/camps-y-costa.jpg 2816w, https:\/\/static-blogs.lasprovincias.es\/wp-content\/uploads\/sites\/20\/2013\/05\/camps-y-costa-300x198.jpg 300w, https:\/\/static-blogs.lasprovincias.es\/wp-content\/uploads\/sites\/20\/2013\/05\/camps-y-costa-768x507.jpg 768w, https:\/\/static-blogs.lasprovincias.es\/wp-content\/uploads\/sites\/20\/2013\/05\/camps-y-costa-1024x676.jpg 1024w\" sizes=\"(max-width: 300px) 100vw, 300px\" \/><\/a><p id=\"caption-attachment-82\" class=\"wp-caption-text\">Camps, feliz. Costa, serio.<\/p><\/div>\n<p>&nbsp;<\/p>\n<p>&nbsp;<\/p>\n<p>&nbsp;<\/p>\n<p>&nbsp;<\/p>\n<p>&nbsp;<\/p>\n<p>&nbsp;<\/p>\n<p>&nbsp;<\/p>\n<p>&nbsp;<\/p>\n<p>Ahora, presumiblemente tras el verano, llega otra de las citas fuertes\u00a0en la agenda de\u00a0tribunales, una parte del <strong>caso Cooperaci\u00f3n<\/strong> -con permiso de <strong>G\u00fcrtel y Fitur<\/strong>-. Blasco, dinosaurio de la pol\u00edtica y habilidoso en el debate parlamentario, no ha demostrado la misma astucia para esconder la basura de su Conselleria y no verse salpicado en este turbio asunto. Y, adem\u00e1s, como protagonista principal, en la c\u00faspide de la trama, apodado\u00a0el Conejo.\u00a0 Nada de eso de &#8220;pasaba por all\u00ed&#8221;.\u00a0 Se da la circunstancia de que en la acusaci\u00f3n p\u00fablica repetir\u00e1n el fiscal de Bellver y el de los trajes de Camps. Dicen todos que el exconseller lo tiene complicado. Est\u00e1 bien &#8220;pillado&#8221;, concluyen diversas fuentes. Alguna incluso muy atrevida desliza que salvo milagro&#8230; Pero digo yo, que al encargado de los milagros no le debe hacer mucha gracia lo de distraer dinero\u00a0destinado a los que m\u00e1s lo necesitan. Presuntamente, claro.\u00a0\u00a0<\/p>\n<p><a class=\"twitter-follow-button\" href=\"https:\/\/twitter.com\/a_rallo\" data-size=\"large\" data-show-count=\"false\" data-lang=\"es\" rel=\"external nofollow\">Seguir a @a_rallo<\/a><\/p>\n<div id=\"attachment_84\" style=\"width: 310px\" class=\"wp-caption alignleft\"><a href=\"\/togadoyhundido\/wp-content\/uploads\/sites\/20\/2013\/05\/blasco1.jpg\"><img aria-describedby=\"caption-attachment-84\" loading=\"lazy\" class=\"size-medium wp-image-84\" title=\"DOCU_LP DOCU_LP Pleno de Les Corts\" src=\"\/togadoyhundido\/wp-content\/uploads\/sites\/20\/2013\/05\/blasco1.jpg\" alt=\"\" width=\"300\" height=\"209\" srcset=\"https:\/\/static-blogs.lasprovincias.es\/wp-content\/uploads\/sites\/20\/2013\/05\/blasco1.jpg 4208w, https:\/\/static-blogs.lasprovincias.es\/wp-content\/uploads\/sites\/20\/2013\/05\/blasco1-300x209.jpg 300w, https:\/\/static-blogs.lasprovincias.es\/wp-content\/uploads\/sites\/20\/2013\/05\/blasco1-768x536.jpg 768w, https:\/\/static-blogs.lasprovincias.es\/wp-content\/uploads\/sites\/20\/2013\/05\/blasco1-1024x714.jpg 1024w\" sizes=\"(max-width: 300px) 100vw, 300px\" \/><\/a><p id=\"caption-attachment-84\" class=\"wp-caption-text\">Rafael Blasco, pensativo.<\/p><\/div>\n<!-- AddThis Advanced Settings generic via filter on the_content --><!-- AddThis Share Buttons generic via filter on the_content -->","protected":false},"excerpt":{"rendered":"<p>Hasta la fecha, los juicios celebrados en el TSJ han terminado con victoria del Partido Popular frente a la Fiscal\u00eda Anticorrupci\u00f3n. De los tres diputados de Valencia\u00a0que se han sentado en la etapa m\u00e1s reciente en el banquillo, los tres solventaron el tr\u00e1mite airosos.\u00a0En este marcador inicial, abierto en la etapa de mayor corrupci\u00f3n que [&hellip;]<!-- AddThis Advanced Settings generic via filter on get_the_excerpt --><!-- AddThis Share Buttons generic via filter on get_the_excerpt --><\/p>\n","protected":false},"author":28,"featured_media":0,"comment_status":"open","ping_status":"closed","sticky":false,"template":"","format":"standard","meta":[],"categories":[2],"tags":[21,23,28,35,48,62,84,93,107],"_links":{"self":[{"href":"https:\/\/blogs.lasprovincias.es\/togadoyhundido\/wp-json\/wp\/v2\/posts\/57"}],"collection":[{"href":"https:\/\/blogs.lasprovincias.es\/togadoyhundido\/wp-json\/wp\/v2\/posts"}],"about":[{"href":"https:\/\/blogs.lasprovincias.es\/togadoyhundido\/wp-json\/wp\/v2\/types\/post"}],"author":[{"embeddable":true,"href":"https:\/\/blogs.lasprovincias.es\/togadoyhundido\/wp-json\/wp\/v2\/users\/28"}],"replies":[{"embeddable":true,"href":"https:\/\/blogs.lasprovincias.es\/togadoyhundido\/wp-json\/wp\/v2\/comments?post=57"}],"version-history":[{"count":0,"href":"https:\/\/blogs.lasprovincias.es\/togadoyhundido\/wp-json\/wp\/v2\/posts\/57\/revisions"}],"wp:attachment":[{"href":"https:\/\/blogs.lasprovincias.es\/togadoyhundido\/wp-json\/wp\/v2\/media?parent=57"}],"wp:term":[{"taxonomy":"category","embeddable":true,"href":"https:\/\/blogs.lasprovincias.es\/togadoyhundido\/wp-json\/wp\/v2\/categories?post=57"},{"taxonomy":"post_tag","embeddable":true,"href":"https:\/\/blogs.lasprovincias.es\/togadoyhundido\/wp-json\/wp\/v2\/tags?post=57"}],"curies":[{"name":"wp","href":"https:\/\/api.w.org\/{rel}","templated":true}]}}