{"id":59,"date":"2012-12-20T15:54:37","date_gmt":"2012-12-20T15:54:37","guid":{"rendered":"http:\/\/blogs.lasprovincias.es\/togadoyhundido\/?p=59"},"modified":"2012-12-20T15:54:37","modified_gmt":"2012-12-20T15:54:37","slug":"el-dinerito-de-emarsa-y-las-bufanditas","status":"publish","type":"post","link":"https:\/\/blogs.lasprovincias.es\/togadoyhundido\/2012\/12\/20\/el-dinerito-de-emarsa-y-las-bufanditas\/","title":{"rendered":"El dinerito de Emarsa y las &#039;bufanditas&#039;"},"content":{"rendered":"<p><a class=\"twitter-follow-button\" href=\"https:\/\/twitter.com\/a_rallo\" data-lang=\"es\" data-show-count=\"false\" data-size=\"large\" rel=\"external nofollow\">Seguir a @a_rallo<\/a><\/p>\n<p>Las agendas del gerente de <strong>Emarsa<\/strong>, Esteban Cuesta, tienen mucho morbo. Es como leer el diario de tu hermana. Eso si tienes hermana, claro. O si ella tiene diario. Yo tengo hermana, pero no ten\u00eda el dichoso librito.\u00a0Mala suerte. Por eso, echar un ojo a las citas de Cuesta durante dos de los a\u00f1os que estuvo en la gerencia del desmadre en el que se convirti\u00f3 la gesti\u00f3n de la <strong>depuradora de Pinedo<\/strong> tiene su aquel. Su puntito. Sacia la curiosidad de cualquier periodista. Cierto que aparecen reuniones con concejales, regalos a algunos otros \u2013en concreto, un jamoncito- y <strong>comidas en los mejores restaurantes de Valencia<\/strong>. Pero claro, es que en aquel tiempo (2004 y 2005) cualquier don nadie se dejaba 70 euros por barba sin problema. A m\u00ed me llam\u00f3 la atenci\u00f3n el apunte de <strong>\u201cEPSAR BUFANDA\u201d.<\/strong> As\u00ed, entre comillas y en may\u00fascula figuraba. La Epsar es la empresa de la Generalitat que controlaba todas las plantas de la Comunitat. Dos de sus principales cargos est\u00e1n imputados.<img loading=\"lazy\" class=\"aligncenter  wp-image-60\" title=\"Dibujo blog\" src=\"\/togadoyhundido\/wp-content\/uploads\/sites\/20\/2012\/12\/Dibujo-blog.jpg\" alt=\"\" width=\"298\" height=\"176\" \/><\/p>\n<p>Una de las acepciones de bufanda, aparte de la prenda de abrigo, es la de gratificaci\u00f3n que una empresa da a sus trabajadores.\u00a0 En el \u00e1mbito pol\u00edtico, las bufandas no son otra cosa que <strong>las comisiones<\/strong>. Ahora tengo m\u00e1s curiosidad por la pr\u00f3xima declaraci\u00f3n de Cuesta. En febrero vuelve al juzgado para continuar con su particular calvario. Mientras, sigue trabajando en el Cl\u00ednico. El otro d\u00eda,\u00a0un conocido me dijo que atendi\u00f3\u00a0a\u00a0un familiar suyo. \u201cOye, que t\u00edo m\u00e1s agradable\u201d. S\u00ed, s\u00ed un tipo simpatiqu\u00edsimo, le contest\u00e9.<\/p>\n<p>\u00a0Bueno, el caso es qu\u00e9 le va a decir al juez y a la fiscal cu\u00e1ndo le pregunten qu\u00e9 demonios quer\u00eda decir con aquella anotaci\u00f3n en la agenda. Posibilidades hay muchas. Y tiene tiempo para pensarlas. Una de las m\u00e1s probables es que se le olvidara su bufanda en la \u00faltima visita a aquellas dependencias. Es algo de lo m\u00e1s nornal que tu secretaria apunte en la agenda que has perdido la bufanda. Para que no se te olvide recogerla, claro. La cita era para marzo. Un mes que por Valencia no se puede pasar sin esa prenda de abrigo. No vaya a ser que se resfr\u00ede el bueno de Cuesta. Tambi\u00e9n puede decir que se le olvid\u00f3 a alguien y \u00e9l s\u00f3lo iba a recogerla. Cuesta ya fue capaz de decir en sede judicial que unas jovencitas de moral distra\u00edda eran traductoras rumanas. Imprescindible para los negocios que pretend\u00eda acometer la planta en aquel pa\u00eds. A m\u00ed, as\u00ed a bote pronto, se me ocurre que le diga que le iban a ense\u00f1ar las 21 formas de ponerse una bufanda o un pa\u00f1uelo.\u00a0Aqu\u00ed dejo un v\u00eddeo por si quiere hacer la demostraci\u00f3n all\u00ed, en el mismo juzgado.<\/p>\n<p><iframe loading=\"lazy\" width=\"500\" height=\"281\" src=\"https:\/\/www.youtube.com\/embed\/wpW4V8TaK3U?start=24&#038;feature=oembed\" frameborder=\"0\" allowfullscreen><\/iframe><\/p>\n<p>&nbsp;<\/p>\n<!-- AddThis Advanced Settings generic via filter on the_content --><!-- AddThis Share Buttons generic via filter on the_content -->","protected":false},"excerpt":{"rendered":"<p>Seguir a @a_rallo Las agendas del gerente de Emarsa, Esteban Cuesta, tienen mucho morbo. Es como leer el diario de tu hermana. Eso si tienes hermana, claro. O si ella tiene diario. Yo tengo hermana, pero no ten\u00eda el dichoso librito.\u00a0Mala suerte. Por eso, echar un ojo a las citas de Cuesta durante dos de [&hellip;]<!-- AddThis Advanced Settings generic via filter on get_the_excerpt --><!-- AddThis Share Buttons generic via filter on get_the_excerpt --><\/p>\n","protected":false},"author":28,"featured_media":0,"comment_status":"open","ping_status":"closed","sticky":false,"template":"","format":"standard","meta":[],"categories":[2],"tags":[25,33,36,41,49,114],"_links":{"self":[{"href":"https:\/\/blogs.lasprovincias.es\/togadoyhundido\/wp-json\/wp\/v2\/posts\/59"}],"collection":[{"href":"https:\/\/blogs.lasprovincias.es\/togadoyhundido\/wp-json\/wp\/v2\/posts"}],"about":[{"href":"https:\/\/blogs.lasprovincias.es\/togadoyhundido\/wp-json\/wp\/v2\/types\/post"}],"author":[{"embeddable":true,"href":"https:\/\/blogs.lasprovincias.es\/togadoyhundido\/wp-json\/wp\/v2\/users\/28"}],"replies":[{"embeddable":true,"href":"https:\/\/blogs.lasprovincias.es\/togadoyhundido\/wp-json\/wp\/v2\/comments?post=59"}],"version-history":[{"count":0,"href":"https:\/\/blogs.lasprovincias.es\/togadoyhundido\/wp-json\/wp\/v2\/posts\/59\/revisions"}],"wp:attachment":[{"href":"https:\/\/blogs.lasprovincias.es\/togadoyhundido\/wp-json\/wp\/v2\/media?parent=59"}],"wp:term":[{"taxonomy":"category","embeddable":true,"href":"https:\/\/blogs.lasprovincias.es\/togadoyhundido\/wp-json\/wp\/v2\/categories?post=59"},{"taxonomy":"post_tag","embeddable":true,"href":"https:\/\/blogs.lasprovincias.es\/togadoyhundido\/wp-json\/wp\/v2\/tags?post=59"}],"curies":[{"name":"wp","href":"https:\/\/api.w.org\/{rel}","templated":true}]}}