{"id":62,"date":"2013-02-01T12:44:46","date_gmt":"2013-02-01T12:44:46","guid":{"rendered":"http:\/\/blogs.lasprovincias.es\/togadoyhundido\/?p=62"},"modified":"2013-02-01T12:44:46","modified_gmt":"2013-02-01T12:44:46","slug":"el-diputado-que-se-hizo-pasar-por-pobre","status":"publish","type":"post","link":"https:\/\/blogs.lasprovincias.es\/togadoyhundido\/2013\/02\/01\/el-diputado-que-se-hizo-pasar-por-pobre\/","title":{"rendered":"El diputado que se hizo pasar por pobre"},"content":{"rendered":"<p><a href=\"\/togadoyhundido\/wp-content\/uploads\/sites\/20\/2013\/02\/ferrer2-e1359721422219.jpg\"><img loading=\"lazy\" class=\"alignright size-medium wp-image-64\" title=\"DOCU_LP DOCU_LP DOCU_GRUPO\" src=\"\/togadoyhundido\/wp-content\/uploads\/sites\/20\/2013\/02\/ferrer2-e1359721422219.jpg\" alt=\"\" width=\"273\" height=\"300\" srcset=\"https:\/\/static-blogs.lasprovincias.es\/wp-content\/uploads\/sites\/20\/2013\/02\/ferrer2-e1359721422219.jpg 1538w, https:\/\/static-blogs.lasprovincias.es\/wp-content\/uploads\/sites\/20\/2013\/02\/ferrer2-e1359721422219-273x300.jpg 273w, https:\/\/static-blogs.lasprovincias.es\/wp-content\/uploads\/sites\/20\/2013\/02\/ferrer2-e1359721422219-768x843.jpg 768w, https:\/\/static-blogs.lasprovincias.es\/wp-content\/uploads\/sites\/20\/2013\/02\/ferrer2-e1359721422219-933x1024.jpg 933w\" sizes=\"(max-width: 273px) 100vw, 273px\" \/><\/a><br \/>\nIntentar\u00a0creerte el m\u00e1s listo de la clase tiene el riesgo de quedar como el m\u00e1s tonto. Vicente Ferrer, diputado nacional del PP, encaja en lo anterior.\u00a0El\u00a0aforado fue\u00a0sorprendido\u00a0ebrio al volante de su coche en Valencia. Fue el pasado mes de septiembre. Regresaba de una fiesta de\u00a0cumplea\u00f1os.\u00a0La imprudencia es grave. Pero no\u00a0lo es menos\u00a0que en esa situaci\u00f3n -quiz\u00e1 no ahora- hace a\u00f1os, en los excesos de la juventud, muchos se han visto envueltos.\u00a0Al d\u00eda siguiente acude al juzgado de guardia.\u00a0Se presenta\u00a0frente al titular del juzgado de Instrucci\u00f3n n\u00famero 19 de Valencia y el fiscal.\u00a0Ferrer no es un hombre conocido\u00a0para el gran p\u00fablico y su nombre y apellidos resultan de lo m\u00e1s com\u00fan. Apenas sale en los medios. De hecho, en\u00a0LAS\u00a0PROVINCIAS s\u00f3lo\u00a0disponemos de una foto. As\u00ed que pas\u00f3 desapercibido. Uno m\u00e1s de entre las numerosas alcoholemias que llegan\u00a0tras los fines de semana. Tampoco\u00a0\u00e9l\u00a0en ning\u00fan momento\u00a0dijo: &#8220;Perdonen, soy diputado&#8221;.\u00a0Calladito, estoy m\u00e1s guapo,\u00a0se dijo a s\u00ed mismo.\u00a0&#8220;A ver si salgo de este aprieto sin aparecer en los medios&#8221;, debi\u00f3 pensar. Pero los compa\u00f1eros de Levante lo cazaron. Y ah\u00ed se le desmont\u00f3 la paraeta. Al ser descubierto, la Fiscal\u00eda pidi\u00f3 que se revocara la sentencia al no ser competente el \u00f3rgano que lo juzg\u00f3. Y as\u00ed se hizo. La causa est\u00e1 ya en el Supremo. Su idea de no aparecer en los peri\u00f3dicos, finalmente le ha costado varias aperturas en p\u00e1ginas impares en buena parte de la prensa y alg\u00fan que otro apunte en opini\u00f3n. Y estos no precisamente glosando sus virtudes.\u00a0Todav\u00eda le restar\u00e1 alguna otra aparici\u00f3n\u00a0con la sentencia del Supremo.\u00a0Para pretender mantener el anonimato, la\u00a0estratageme le sali\u00f3 de lujo.\u00a0\u00a0\u00a0<\/p>\n<p>La primera jugada le sali\u00f3 mal.\u00a0Apost\u00f3 todo al rojo y le sali\u00f3 el negro. Pero todav\u00eda sigui\u00f3 jugando. No termin\u00f3 ah\u00ed el desprop\u00f3sito de Ferrer. El diputado recurri\u00f3 a un abogado de oficio. Utilizar la asistencia jur\u00eddica gratuita para una persona que gana 60.000 euros al a\u00f1o. \u00bfC\u00f3mo se come esto? Esta es la piller\u00eda que lucen algunos de nuestros pol\u00edticos.\u00a0Y el hartazgo que inunda a la gente honrada. No cabe ni siquiera el desconocimiento. Ferrer es licenciado en Derecho y conoce el turno de oficio. El Colegio de Abogados le revoc\u00f3\u00a0el derecho al comprobar que sus ingresos sobrepasan con creces el m\u00e1ximo establecido en la ley. Ahora le tocar\u00e1 pagar el servicio prestado por el abogado quien, al parecer, tambi\u00e9n desconoc\u00eda la identidad de Ferrer. Espero que le pase una buena facturita. Por listillo.\u00a0\u00a0\u00a0<\/p>\n<p>&nbsp;<\/p>\n<!-- AddThis Advanced Settings generic via filter on the_content --><!-- AddThis Share Buttons generic via filter on the_content -->","protected":false},"excerpt":{"rendered":"<p>Intentar\u00a0creerte el m\u00e1s listo de la clase tiene el riesgo de quedar como el m\u00e1s tonto. Vicente Ferrer, diputado nacional del PP, encaja en lo anterior.\u00a0El\u00a0aforado fue\u00a0sorprendido\u00a0ebrio al volante de su coche en Valencia. Fue el pasado mes de septiembre. Regresaba de una fiesta de\u00a0cumplea\u00f1os.\u00a0La imprudencia es grave. Pero no\u00a0lo es menos\u00a0que en esa situaci\u00f3n [&hellip;]<!-- AddThis Advanced Settings generic via filter on get_the_excerpt --><!-- AddThis Share Buttons generic via filter on get_the_excerpt --><\/p>\n","protected":false},"author":28,"featured_media":0,"comment_status":"open","ping_status":"closed","sticky":false,"template":"","format":"standard","meta":[],"categories":[2],"tags":[5,8,30,45],"_links":{"self":[{"href":"https:\/\/blogs.lasprovincias.es\/togadoyhundido\/wp-json\/wp\/v2\/posts\/62"}],"collection":[{"href":"https:\/\/blogs.lasprovincias.es\/togadoyhundido\/wp-json\/wp\/v2\/posts"}],"about":[{"href":"https:\/\/blogs.lasprovincias.es\/togadoyhundido\/wp-json\/wp\/v2\/types\/post"}],"author":[{"embeddable":true,"href":"https:\/\/blogs.lasprovincias.es\/togadoyhundido\/wp-json\/wp\/v2\/users\/28"}],"replies":[{"embeddable":true,"href":"https:\/\/blogs.lasprovincias.es\/togadoyhundido\/wp-json\/wp\/v2\/comments?post=62"}],"version-history":[{"count":0,"href":"https:\/\/blogs.lasprovincias.es\/togadoyhundido\/wp-json\/wp\/v2\/posts\/62\/revisions"}],"wp:attachment":[{"href":"https:\/\/blogs.lasprovincias.es\/togadoyhundido\/wp-json\/wp\/v2\/media?parent=62"}],"wp:term":[{"taxonomy":"category","embeddable":true,"href":"https:\/\/blogs.lasprovincias.es\/togadoyhundido\/wp-json\/wp\/v2\/categories?post=62"},{"taxonomy":"post_tag","embeddable":true,"href":"https:\/\/blogs.lasprovincias.es\/togadoyhundido\/wp-json\/wp\/v2\/tags?post=62"}],"curies":[{"name":"wp","href":"https:\/\/api.w.org\/{rel}","templated":true}]}}