{"id":7,"date":"2012-02-06T19:57:49","date_gmt":"2012-02-06T19:57:49","guid":{"rendered":"http:\/\/blogs.lasprovincias.es\/togadoyhundido\/?p=6"},"modified":"2012-02-06T19:57:49","modified_gmt":"2012-02-06T19:57:49","slug":"aparcamiento-a-40-euros","status":"publish","type":"post","link":"https:\/\/blogs.lasprovincias.es\/togadoyhundido\/2012\/02\/06\/aparcamiento-a-40-euros\/","title":{"rendered":"Aparcamiento a 40 euros"},"content":{"rendered":"<p>La Conselleria\u00a0anunci\u00f3 recientemente que quiere cobrar 40 euros mensuales por aparcar en la Ciudad de la Justicia de Valencia. De momento, el proyecto se encuentra en manos de la Abogac\u00eda de la Generalitat, que estudia que no exista ning\u00fan impedimento para poner en marcha la medida. La iniciativa, cuando se aplique, traer\u00e1 cola. Tener un plaza en la Ciudad de la Justicia es casi como un tesoro para los afortunados jueces, secretarios, fiscales y funcionarios. Algunos incluso se turnan. Y m\u00e1s con la dificultad a\u00f1adida de estacionar en los alrededores. De hecho, un conflicto con el reparto de plazas lleg\u00f3 incluso hasta el Supremo. Muchos son los que creen que finalmente el conseller Cabr\u00e9 no se atrever\u00e1 con la propuesta. La idea no resulta, en principio, descabellada. \u00bfPor qu\u00e9 casi 400 personas que trabajan en la Ciudad de la Justicia tienen parking gratis? Los trabajadores de la nueva Fe, a escasa distancia, deben pagarlo. O todos o ninguno.<\/p>\n<!-- AddThis Advanced Settings generic via filter on the_content --><!-- AddThis Share Buttons generic via filter on the_content -->","protected":false},"excerpt":{"rendered":"<p>La Conselleria\u00a0anunci\u00f3 recientemente que quiere cobrar 40 euros mensuales por aparcar en la Ciudad de la Justicia de Valencia. De momento, el proyecto se encuentra en manos de la Abogac\u00eda de la Generalitat, que estudia que no exista ning\u00fan impedimento para poner en marcha la medida. La iniciativa, cuando se aplique, traer\u00e1 cola. Tener un [&hellip;]<!-- AddThis Advanced Settings generic via filter on get_the_excerpt --><!-- AddThis Share Buttons generic via filter on get_the_excerpt --><\/p>\n","protected":false},"author":28,"featured_media":0,"comment_status":"open","ping_status":"closed","sticky":false,"template":"","format":"standard","meta":[],"categories":[2],"tags":[13,30],"_links":{"self":[{"href":"https:\/\/blogs.lasprovincias.es\/togadoyhundido\/wp-json\/wp\/v2\/posts\/7"}],"collection":[{"href":"https:\/\/blogs.lasprovincias.es\/togadoyhundido\/wp-json\/wp\/v2\/posts"}],"about":[{"href":"https:\/\/blogs.lasprovincias.es\/togadoyhundido\/wp-json\/wp\/v2\/types\/post"}],"author":[{"embeddable":true,"href":"https:\/\/blogs.lasprovincias.es\/togadoyhundido\/wp-json\/wp\/v2\/users\/28"}],"replies":[{"embeddable":true,"href":"https:\/\/blogs.lasprovincias.es\/togadoyhundido\/wp-json\/wp\/v2\/comments?post=7"}],"version-history":[{"count":0,"href":"https:\/\/blogs.lasprovincias.es\/togadoyhundido\/wp-json\/wp\/v2\/posts\/7\/revisions"}],"wp:attachment":[{"href":"https:\/\/blogs.lasprovincias.es\/togadoyhundido\/wp-json\/wp\/v2\/media?parent=7"}],"wp:term":[{"taxonomy":"category","embeddable":true,"href":"https:\/\/blogs.lasprovincias.es\/togadoyhundido\/wp-json\/wp\/v2\/categories?post=7"},{"taxonomy":"post_tag","embeddable":true,"href":"https:\/\/blogs.lasprovincias.es\/togadoyhundido\/wp-json\/wp\/v2\/tags?post=7"}],"curies":[{"name":"wp","href":"https:\/\/api.w.org\/{rel}","templated":true}]}}