{"id":74,"date":"2013-04-17T16:33:23","date_gmt":"2013-04-17T16:33:23","guid":{"rendered":"http:\/\/blogs.lasprovincias.es\/togadoyhundido\/?p=74"},"modified":"2013-04-17T16:33:23","modified_gmt":"2013-04-17T16:33:23","slug":"a-desahuciar-con-un-bolso-de-carolina-herrera","status":"publish","type":"post","link":"https:\/\/blogs.lasprovincias.es\/togadoyhundido\/2013\/04\/17\/a-desahuciar-con-un-bolso-de-carolina-herrera\/","title":{"rendered":"A desahuciar con un bolso de Carolina Herrera"},"content":{"rendered":"<p><a class=\"twitter-follow-button\" href=\"https:\/\/twitter.com\/a_rallo\" data-lang=\"es\" data-show-count=\"false\" data-size=\"large\" rel=\"external nofollow\">Seguir a @a_rallo<\/a><\/p>\n<p>Los<strong> detalles<\/strong>, en demasiadas ocasiones,\u00a0 terminan siendo esenciales. Resultan tan definitorios que no puedes escapar de aquello de que no habr\u00e1 segunda oportunidad para causar una primera buena impresi\u00f3n, la biblia de los comerciales.<\/p>\n<p>Ocurri\u00f3 el pasado lunes.\u00a0 Nueve y media de la ma\u00f1ana. La comisi\u00f3n judicial se presenta en un domicilio de Ruzafa.\u00a0 Se trata de un <strong>desahucio<\/strong>, algo tan com\u00fan que, por desgracia, cada vez es menos noticioso. Ya saben, lo que deja de ser novedad&#8230; Junto a los funcionarios,\u00a0 se presenta ella, rubia -lo a\u00f1ado como un detalle descriptivo sin segundas lecturas-, taconazos, pantal\u00f3n y bolso. El complemento no es precisamente discreto. Dos son los motivos. Uno, el color rosa chicle que quebrantar\u00eda cualquier c\u00f3digo de discreci\u00f3n. El otro son dos grandes letras, la ce y la hache que adornan el bolsito de marras. El tama\u00f1o de las iniciales permit\u00eda conocer la firma desde varios metros de distancia. Alguno casi dir\u00eda que arrastra un cartel publicitario.\u00a0 Y no es que la mujer, bautic\u00e9mosla como <strong>Carolina Herrera<\/strong>,\u00a0 se comportara de manera improcedente o hiciera alg\u00fan comentario fuera de tono.<a href=\"\/togadoyhundido\/wp-content\/uploads\/sites\/20\/2013\/04\/si-se-puede3.jpg\"><img loading=\"lazy\" class=\" wp-image-79 alignright\" title=\"Protesta por desahucios.\" src=\"\/togadoyhundido\/wp-content\/uploads\/sites\/20\/2013\/04\/si-se-puede3.jpg\" alt=\"\" width=\"334\" height=\"461\" srcset=\"https:\/\/static-blogs.lasprovincias.es\/wp-content\/uploads\/sites\/20\/2013\/04\/si-se-puede3.jpg 580w, https:\/\/static-blogs.lasprovincias.es\/wp-content\/uploads\/sites\/20\/2013\/04\/si-se-puede3-218x300.jpg 218w\" sizes=\"(max-width: 334px) 100vw, 334px\" \/><\/a><\/p>\n<p>No. Fueron eso, los detalles. &#8216;Carolina&#8217; era la habilitada del procurador del banco.\u00a0 Vamos, para resumir, la que viene en nombre de la caja. Para colmo\u00a0 se trata de una de ingrato recuerdo para los valencianos. La v\u00edctima del desahucio, que tiene que cuidar de un hijo enfermo, imagino que bastantes problemas llevaba encima para fijarse en que con aquel bolso a buen seguro que ella solventa una letra de esa hipoteca que ahora no puede pagar.<\/p>\n<p>Habr\u00e1 alguno que ya est\u00e9 pensando en que esto es <strong>demagogia<\/strong>. Pues no. Vaya por delante que no critico las marcas. Cada uno se gasta el dinero en lo que le da la gana, que su esfuerzo le cuesta o deber\u00eda costarle. Hay quien lo dedica a bolsos, a ropa, a coches, a casas, a hacer deporte, a irse de fiesta o a viajar al extranjero. De lujo. Ahora bien, lo que no me parece de recibo es que a semejante escenario se acuda con ese despliegue econ\u00f3mico. Es como si a una boda te presentas en ch\u00e1ndal y deportivas. No pega. Eres el bicho raro.\u00a0 Pues tampoco el bolsito es un invitado agradable. \u00bfD\u00f3nde queda el pudor? Luego surge otro problema. Al ser el representante de la entidad bancaria te conviertes en su imagen. No dejas un buen recuerdo en los domicilios a los que acudes. Te ven como el poderoso y quiz\u00e1 incluso como el prepotente.<\/p>\n<p>\u00bfY si fuera falso? Pues casi dir\u00eda que es todav\u00eda peor. Querer aparentar en un lugar como aquel no entra en mi cabeza. Cada uno que se compre lo que se pueda permitir. Es mucho m\u00e1s digno.\u00a0 Por lo menos, seamos aut\u00e9nticos.<\/p>\n<!-- AddThis Advanced Settings generic via filter on the_content --><!-- AddThis Share Buttons generic via filter on the_content -->","protected":false},"excerpt":{"rendered":"<p>Seguir a @a_rallo Los detalles, en demasiadas ocasiones,\u00a0 terminan siendo esenciales. Resultan tan definitorios que no puedes escapar de aquello de que no habr\u00e1 segunda oportunidad para causar una primera buena impresi\u00f3n, la biblia de los comerciales. Ocurri\u00f3 el pasado lunes.\u00a0 Nueve y media de la ma\u00f1ana. La comisi\u00f3n judicial se presenta en un domicilio [&hellip;]<!-- AddThis Advanced Settings generic via filter on get_the_excerpt --><!-- AddThis Share Buttons generic via filter on get_the_excerpt --><\/p>\n","protected":false},"author":28,"featured_media":0,"comment_status":"open","ping_status":"closed","sticky":false,"template":"","format":"standard","meta":[],"categories":[2],"tags":[20,39,42,63,97,98],"_links":{"self":[{"href":"https:\/\/blogs.lasprovincias.es\/togadoyhundido\/wp-json\/wp\/v2\/posts\/74"}],"collection":[{"href":"https:\/\/blogs.lasprovincias.es\/togadoyhundido\/wp-json\/wp\/v2\/posts"}],"about":[{"href":"https:\/\/blogs.lasprovincias.es\/togadoyhundido\/wp-json\/wp\/v2\/types\/post"}],"author":[{"embeddable":true,"href":"https:\/\/blogs.lasprovincias.es\/togadoyhundido\/wp-json\/wp\/v2\/users\/28"}],"replies":[{"embeddable":true,"href":"https:\/\/blogs.lasprovincias.es\/togadoyhundido\/wp-json\/wp\/v2\/comments?post=74"}],"version-history":[{"count":0,"href":"https:\/\/blogs.lasprovincias.es\/togadoyhundido\/wp-json\/wp\/v2\/posts\/74\/revisions"}],"wp:attachment":[{"href":"https:\/\/blogs.lasprovincias.es\/togadoyhundido\/wp-json\/wp\/v2\/media?parent=74"}],"wp:term":[{"taxonomy":"category","embeddable":true,"href":"https:\/\/blogs.lasprovincias.es\/togadoyhundido\/wp-json\/wp\/v2\/categories?post=74"},{"taxonomy":"post_tag","embeddable":true,"href":"https:\/\/blogs.lasprovincias.es\/togadoyhundido\/wp-json\/wp\/v2\/tags?post=74"}],"curies":[{"name":"wp","href":"https:\/\/api.w.org\/{rel}","templated":true}]}}