{"id":88,"date":"2013-09-25T18:35:44","date_gmt":"2013-09-25T18:35:44","guid":{"rendered":"http:\/\/blogs.lasprovincias.es\/togadoyhundido\/?p=88"},"modified":"2013-09-25T18:35:44","modified_gmt":"2013-09-25T18:35:44","slug":"un-marroncito-en-fiscalia","status":"publish","type":"post","link":"https:\/\/blogs.lasprovincias.es\/togadoyhundido\/2013\/09\/25\/un-marroncito-en-fiscalia\/","title":{"rendered":"Un &#039;marroncito&#039; en Fiscal\u00eda"},"content":{"rendered":"<p><a class=\"twitter-follow-button\" href=\"https:\/\/twitter.com\/a_rallo\" data-lang=\"es\" data-size=\"large\" data-show-count=\"false\" rel=\"external nofollow\">Seguir a @a_rallo<\/a><br \/>\n<script type=\"text\/javascript\">\/\/ <![CDATA[\n  !function(d,s,id){var js,fjs=d.getElementsByTagName(s)[0];if(!d.getElementById(id)){js=d.createElement(s);js.id=id;js.src=\"\/\/platform.twitter.com\/widgets.js\";fjs.parentNode.insertBefore(js,fjs);}}(document,\"script\",\"twitter-wjs\");\n\/\/ ]]><\/script><br \/>\n<script type=\"text\/javascript\">\/\/ <![CDATA[\n   !function(d,s,id){var js,fjs=d.getElementsByTagName(s)[0];if(!d.getElementById(id)){js=d.createElement(s);js.id=id;js.src=\"\/\/platform.twitter.com\/widgets.js\";fjs.parentNode.insertBefore(js,fjs);}}(document,\"script\",\"twitter-wjs\");\n\/\/ ]]><\/script><br \/>\n<a href=\"\/togadoyhundido\/wp-content\/uploads\/sites\/20\/2013\/09\/terra-mitica1.jpg\"><img loading=\"lazy\" class=\"alignright  wp-image-90\" title=\"terra mitica\" src=\"\/togadoyhundido\/wp-content\/uploads\/sites\/20\/2013\/09\/terra-mitica1.jpg\" alt=\"\" width=\"446\" height=\"935\" \/><\/a>Un \u2018marroncito\u2019 sobrevuela Fiscal\u00eda desde hace un par de meses. Un asunto de esos inesperados que tarde o temprano, salvo sorpresa may\u00fascula, caer\u00e1 en la mesa de alg\u00fan fiscal. La golosina no es agradable. M\u00e1s bien puede resultar indigesta. Se trata del futuro juicio del caso Terra M\u00edtica. Quiz\u00e1 el primer sarpullido de corrupci\u00f3n de aquellos tiempos gloriosos, cuando Eduardo Zaplana mandaba en la Comunitat. El m\u00e9todo de fraude, dise\u00f1ado en su d\u00eda por la anterior c\u00fapula directiva, no destaca por su originalidad. Es, por desgracia, com\u00fan en este tipo de asuntos. Facturitas por servicios que nunca se hicieron&#8230;Y dinero a la saca. En total, se perdieron 4,4 millones. De todos, claro.<\/p>\n<p>La fiscal Carmen Garc\u00eda se encarg\u00f3 de la instrucci\u00f3n, cuesti\u00f3n recientemente finiquitada. Una investigaci\u00f3n que ya s\u00f3lo por el tiempo transcurrido no podr\u00eda calificarse de mod\u00e9lica. Bien es verdad que la responsabilidad no fue suya. La sorpresa fue conocer que la responsable del Ministerio P\u00fablico hab\u00eda pedido el traslado a la Fiscal\u00eda Anticorrupci\u00f3n de Madrid. Y del asombro al problema, que lleg\u00f3 cuando le dieron el ok.\u00a0No hizo mucha gracia en Valencia la decisi\u00f3n de la fiscal. Lo habitual, en casos de la magnitud de Terra M\u00edtica, es que el mismo que lleva el caso se encargue posteriormente del juicio. No es este un asunto de esos que se controla en una tarde, ni en dos ni en tres. Pese a no ser excesivamente complejo, s\u00ed resulta muy voluminoso.<\/p>\n<p>Garc\u00eda, consciente de que su marcha iba a suponer un regalito envenenado a alguno de sus compa\u00f1eros, llam\u00f3 a la calma. \u2018No os preocup\u00e9is que volver\u00e9 para hacer el juicio\u2019, transmiti\u00f3. Muchos lo dudan. No tanto por ella \u2013que puede que tambi\u00e9n\u2013 sino por el l\u00f3gico discurrir de los acontecimientos. Parece complicado que si te vas un a\u00f1o a Madrid,\u00a0 a una secci\u00f3n ya de por s\u00ed sobrecargada \u2013esto es Espa\u00f1a\u2013 es m\u00e1s que probable que no te autoricen a regresar un mes a Valencia para encargarte de Terra M\u00edtica. Un asunto que por la capital de Espa\u00f1a debe sonar casi a chino. Total, que partiendo del razonamiento anterior, el &#8216;marroncito&#8217; coge fuerza. Lo l\u00f3gico es que el asunto aterrice en la secci\u00f3n de Econ\u00f3micos y por all\u00ed, los nuevos y los reci\u00e9n llegados, ya ponen caritas de &#8220;por favor, a m\u00ed no&#8221; o huyen cuando alguien susurra acerca del parque tem\u00e1tico. Algunos tienen m\u00e1s papeletas para este sorteo pese a que no las han comprado.<\/p>\n<p>El regreso de Carmen Garc\u00eda ser\u00eda visto como una salvaci\u00f3n, el milagro que todos esperan. No se descarta, pero no es lo m\u00e1s probable. Al final, esto terminar\u00e1 como el marido voluntarioso que se compromete un d\u00eda a colgar un cuadro. Y pasan los d\u00edas, y los meses&#8230; Y el cuadro all\u00ed sigue, en tierra. Suele colocarlo el vecino.<\/p>\n<!-- AddThis Advanced Settings generic via filter on the_content --><!-- AddThis Share Buttons generic via filter on the_content -->","protected":false},"excerpt":{"rendered":"<p>Seguir a @a_rallo Un \u2018marroncito\u2019 sobrevuela Fiscal\u00eda desde hace un par de meses. Un asunto de esos inesperados que tarde o temprano, salvo sorpresa may\u00fascula, caer\u00e1 en la mesa de alg\u00fan fiscal. La golosina no es agradable. M\u00e1s bien puede resultar indigesta. Se trata del futuro juicio del caso Terra M\u00edtica. Quiz\u00e1 el primer sarpullido [&hellip;]<!-- AddThis Advanced Settings generic via filter on get_the_excerpt --><!-- AddThis Share Buttons generic via filter on get_the_excerpt --><\/p>\n","protected":false},"author":28,"featured_media":0,"comment_status":"open","ping_status":"open","sticky":false,"template":"","format":"standard","meta":[],"categories":[2],"tags":[12,36,55,109],"_links":{"self":[{"href":"https:\/\/blogs.lasprovincias.es\/togadoyhundido\/wp-json\/wp\/v2\/posts\/88"}],"collection":[{"href":"https:\/\/blogs.lasprovincias.es\/togadoyhundido\/wp-json\/wp\/v2\/posts"}],"about":[{"href":"https:\/\/blogs.lasprovincias.es\/togadoyhundido\/wp-json\/wp\/v2\/types\/post"}],"author":[{"embeddable":true,"href":"https:\/\/blogs.lasprovincias.es\/togadoyhundido\/wp-json\/wp\/v2\/users\/28"}],"replies":[{"embeddable":true,"href":"https:\/\/blogs.lasprovincias.es\/togadoyhundido\/wp-json\/wp\/v2\/comments?post=88"}],"version-history":[{"count":0,"href":"https:\/\/blogs.lasprovincias.es\/togadoyhundido\/wp-json\/wp\/v2\/posts\/88\/revisions"}],"wp:attachment":[{"href":"https:\/\/blogs.lasprovincias.es\/togadoyhundido\/wp-json\/wp\/v2\/media?parent=88"}],"wp:term":[{"taxonomy":"category","embeddable":true,"href":"https:\/\/blogs.lasprovincias.es\/togadoyhundido\/wp-json\/wp\/v2\/categories?post=88"},{"taxonomy":"post_tag","embeddable":true,"href":"https:\/\/blogs.lasprovincias.es\/togadoyhundido\/wp-json\/wp\/v2\/tags?post=88"}],"curies":[{"name":"wp","href":"https:\/\/api.w.org\/{rel}","templated":true}]}}