{"id":92,"date":"2013-10-09T15:01:05","date_gmt":"2013-10-09T15:01:05","guid":{"rendered":"http:\/\/blogs.lasprovincias.es\/togadoyhundido\/?p=92"},"modified":"2013-10-09T15:01:05","modified_gmt":"2013-10-09T15:01:05","slug":"lo-que-no-se-vio-del-ano-judicial","status":"publish","type":"post","link":"https:\/\/blogs.lasprovincias.es\/togadoyhundido\/2013\/10\/09\/lo-que-no-se-vio-del-ano-judicial\/","title":{"rendered":"Lo que no se vio del A\u00f1o Judicial"},"content":{"rendered":"<p>Nadie espera la Apertura del A\u00f1o Judicial dando saltos de alegr\u00eda. Suele convertirse en un acto de esos a los que muchos asisten por compromiso, por dejarse ver o por necesidades del cargo. Pero son sitios en los que se debe estar, como los bautizos, bodas y, sobre todo, entierros. Un poco de vida social con togas. Para los periodistas sirve de excusa para tomar alguna nota curiosa, como ocurri\u00f3 hace unas semanas. Llam\u00f3 la atenci\u00f3n la presencia de la nueva secretaria auton\u00f3mica de Organizaci\u00f3n, <strong>Esther Pastor<\/strong>. Algunos ojos se dirig\u00edan de manera indisimulada hacia ella, nada habitual en jaleos de este tipo. Y menos cuando ocup\u00f3 un lugar m\u00e1s visible que el propio conseller de Justicia, <strong>Seraf\u00edn Castellan<\/strong>o, agazapado en segunda fila, si la memoria no falla.<\/p>\n<div id=\"attachment_98\" style=\"width: 278px\" class=\"wp-caption aligncenter\"><a href=\"\/togadoyhundido\/wp-content\/uploads\/sites\/20\/2013\/10\/fabra-y-pastor3.jpg\"><img aria-describedby=\"caption-attachment-98\" loading=\"lazy\" class=\" wp-image-98\" title=\"DOCU_LP Apertura del a\u00f1o judicial en el Tribunal Superior de Justicia de la Comunidad Valenciana\" src=\"\/togadoyhundido\/wp-content\/uploads\/sites\/20\/2013\/10\/fabra-y-pastor3.jpg\" alt=\"\" width=\"268\" height=\"267\" srcset=\"https:\/\/static-blogs.lasprovincias.es\/wp-content\/uploads\/sites\/20\/2013\/10\/fabra-y-pastor3.jpg 567w, https:\/\/static-blogs.lasprovincias.es\/wp-content\/uploads\/sites\/20\/2013\/10\/fabra-y-pastor3-150x150.jpg 150w, https:\/\/static-blogs.lasprovincias.es\/wp-content\/uploads\/sites\/20\/2013\/10\/fabra-y-pastor3-300x300.jpg 300w\" sizes=\"(max-width: 268px) 100vw, 268px\" \/><\/a><p id=\"caption-attachment-98\" class=\"wp-caption-text\">Esther Pastor abandona el TSJ.<\/p><\/div>\n<p>En la otra bancada, los togados. Por all\u00ed estaban el exfiscal Antidroga, <strong>Luis Sanz<\/strong>, y la fiscal jefa <strong>Teresa Gisbert<\/strong>. No los vi saludarse. Tampoco me extra\u00f1a. Uno se despidi\u00f3 de su puesto tras m\u00e1s de 22 a\u00f1os diciendo que estaba harto de trabajar solo en la secci\u00f3n y su jefa respondi\u00f3, tambi\u00e9n a trav\u00e9s de LAS PROVINCIAS, que \u00e9l sabr\u00e1 c\u00f3mo hab\u00eda trabajado los \u00faltimos a\u00f1os. A la mayor\u00eda de fiscales no gust\u00f3 ni la despedida con portazo de Sanz ni la contestaci\u00f3n de Gisbert. Otros se alegraron del intercambio dial\u00e9ctico. Los primeros son los que consideran que estas &#8216;cositas&#8217; se resuelven dentro de casa. Y ahora todav\u00eda m\u00e1s cuando la sustituta de Sanz, propuesta por la propia Gisbert, est\u00e1 planteando m\u00e1s problemas de los esperados, que eran pocos o ninguno. Por all\u00ed tambi\u00e9n estaba <strong>Fernando Cabedo<\/strong>, habitual en juras y aperturas, acompa\u00f1ado de otros responsables del Ministerio P\u00fablico. Fue &#8216;rival&#8217; de Gisbert en su renovaci\u00f3n al frente de la Provincial. Las malas lenguas dicen que tras salir elegida Gisbert \u00e9l era el segundo fiscal m\u00e1s feliz del mundo. Precisamente por no haber salido. Ojal\u00e1 todas las derrotas fueran siempre tan dulces. Que se lo digan a <strong>Pedro Castellano<\/strong>, que tambi\u00e9n ocup\u00f3 su puesto en la apertura, o al magistrado <strong>Tom\u00e1s y T\u00edo<\/strong>, con sus candidaturas a presidir en su d\u00eda el TSJ.<\/p>\n<p>&nbsp;<\/p>\n<p>Luego llegaron los discursos. El de <strong>Pilar de la Oliva<\/strong>, con formas en alg\u00fan caso excesivamente paternalistas, tuvo buen nivel. Comparado con los anteriores de <strong>Juan Luis de la R\u00faa<\/strong>, fue toda una bendici\u00f3n. Los speech del expresidente equival\u00edan por aquel entonces a un potente somn\u00edfero. Si no fuera por la incomodidad de los bancos de la sala -es dif\u00edcil crear algo m\u00e1s doloroso para la espalda- alguno se hubiera desplomado no hace muchos a\u00f1os. El discurso de la presidenta de la Audiencia, <strong>Carmen Llombart<\/strong>, para agradecer la concesi\u00f3n de la Raimunda no se puede decir que fuera bueno. Y lo anterior siendo generoso. La magistrada se ha presentado como vocal al Consejo General del Poder Judicial. Y no son pocos los que en la Audiencia ya comentan las consecuencias de la maniobra. Si saliera en la Comisi\u00f3n Permanente su puesto quedar\u00eda libre y\u00a0 ah\u00ed entrar\u00eda la sombra alargada de<strong> Fernando de Rosa<\/strong>, que no le har\u00eda ascos a ocupar el puesto de Llombart. De Rosa, en una entrevista con LAS PROVINCIAS, no rechaz\u00f3 esta posibilidad. &#8220;S\u00e9 que los rumores est\u00e1n ah\u00ed&#8221;. El magistrado es consciente de que en la Audiencia, \u00f3rgano al que regresa tras su paso por Madrid, varios le esperan y no con los brazos abiertos. Son los mismos corrillos en los que se comenta la relaci\u00f3n que puede tener este galard\u00f3n con el posterior cambio de cromos. Tambi\u00e9n asisti\u00f3 Gabriela Bravo. La otra vocal del consejo que termina su etapa en la capital del Espa\u00f1a. Ella dijo en su d\u00eda, a principios del mes de septiembre, que volv\u00eda a la Fiscal\u00eda de Valencia. Pese a su declaraci\u00f3n, lo que parece que ya est\u00e1 hecho es que seguir\u00e1 en Madrid, en la Fiscal\u00eda de la Audiencia.<\/p>\n<div id=\"attachment_99\" style=\"width: 310px\" class=\"wp-caption aligncenter\"><a href=\"\/togadoyhundido\/wp-content\/uploads\/sites\/20\/2013\/10\/rosa-bravo-y-llombart1.jpg\"><img aria-describedby=\"caption-attachment-99\" loading=\"lazy\" class=\"size-medium wp-image-99\" title=\"DOCU_LP Apertura del a\u00f1o judicial en el Tribunal Superior de Justicia de la Comunidad Valenciana\" src=\"\/togadoyhundido\/wp-content\/uploads\/sites\/20\/2013\/10\/rosa-bravo-y-llombart1.jpg\" alt=\"\" width=\"300\" height=\"224\" srcset=\"https:\/\/static-blogs.lasprovincias.es\/wp-content\/uploads\/sites\/20\/2013\/10\/rosa-bravo-y-llombart1.jpg 3144w, https:\/\/static-blogs.lasprovincias.es\/wp-content\/uploads\/sites\/20\/2013\/10\/rosa-bravo-y-llombart1-300x225.jpg 300w, https:\/\/static-blogs.lasprovincias.es\/wp-content\/uploads\/sites\/20\/2013\/10\/rosa-bravo-y-llombart1-768x576.jpg 768w, https:\/\/static-blogs.lasprovincias.es\/wp-content\/uploads\/sites\/20\/2013\/10\/rosa-bravo-y-llombart1-1024x767.jpg 1024w\" sizes=\"(max-width: 300px) 100vw, 300px\" \/><\/a><p id=\"caption-attachment-99\" class=\"wp-caption-text\">Llombart, escoltada por De Rosa y Bravo.<\/p><\/div>\n<!-- AddThis Advanced Settings generic via filter on the_content --><!-- AddThis Share Buttons generic via filter on the_content -->","protected":false},"excerpt":{"rendered":"<p>Nadie espera la Apertura del A\u00f1o Judicial dando saltos de alegr\u00eda. Suele convertirse en un acto de esos a los que muchos asisten por compromiso, por dejarse ver o por necesidades del cargo. Pero son sitios en los que se debe estar, como los bautizos, bodas y, sobre todo, entierros. Un poco de vida social [&hellip;]<!-- AddThis Advanced Settings generic via filter on get_the_excerpt --><!-- AddThis Share Buttons generic via filter on get_the_excerpt --><\/p>\n","protected":false},"author":28,"featured_media":0,"comment_status":"open","ping_status":"open","sticky":false,"template":"","format":"standard","meta":[],"categories":[2],"tags":[11,38,52,53,72,87],"_links":{"self":[{"href":"https:\/\/blogs.lasprovincias.es\/togadoyhundido\/wp-json\/wp\/v2\/posts\/92"}],"collection":[{"href":"https:\/\/blogs.lasprovincias.es\/togadoyhundido\/wp-json\/wp\/v2\/posts"}],"about":[{"href":"https:\/\/blogs.lasprovincias.es\/togadoyhundido\/wp-json\/wp\/v2\/types\/post"}],"author":[{"embeddable":true,"href":"https:\/\/blogs.lasprovincias.es\/togadoyhundido\/wp-json\/wp\/v2\/users\/28"}],"replies":[{"embeddable":true,"href":"https:\/\/blogs.lasprovincias.es\/togadoyhundido\/wp-json\/wp\/v2\/comments?post=92"}],"version-history":[{"count":0,"href":"https:\/\/blogs.lasprovincias.es\/togadoyhundido\/wp-json\/wp\/v2\/posts\/92\/revisions"}],"wp:attachment":[{"href":"https:\/\/blogs.lasprovincias.es\/togadoyhundido\/wp-json\/wp\/v2\/media?parent=92"}],"wp:term":[{"taxonomy":"category","embeddable":true,"href":"https:\/\/blogs.lasprovincias.es\/togadoyhundido\/wp-json\/wp\/v2\/categories?post=92"},{"taxonomy":"post_tag","embeddable":true,"href":"https:\/\/blogs.lasprovincias.es\/togadoyhundido\/wp-json\/wp\/v2\/tags?post=92"}],"curies":[{"name":"wp","href":"https:\/\/api.w.org\/{rel}","templated":true}]}}